{"id":522,"date":"2020-05-18T16:23:14","date_gmt":"2020-05-18T22:23:14","guid":{"rendered":"https:\/\/congelplus.com\/?p=522"},"modified":"2021-07-27T09:23:43","modified_gmt":"2021-07-27T15:23:43","slug":"entrevista-con-el-financiero","status":"publish","type":"post","link":"https:\/\/congelplus.com\/index.php\/2020\/05\/18\/entrevista-con-el-financiero\/","title":{"rendered":"Entrevista con EL FINANCIERO"},"content":{"rendered":"\n<h2 class=\"wp-block-heading\">Tres situaciones lo han obligado a empujar su negocio de compresas y en una casi perdi\u00f3 la vida<\/h2>\n\n\n\n<figure class=\"wp-block-image size-large\"><img fetchpriority=\"high\" decoding=\"async\" width=\"600\" height=\"534\" src=\"https:\/\/congelplus.com\/wp-content\/uploads\/2020\/05\/QUF4RVOMKZE73OXXSJSQP4UNQU.jpeg\" alt=\"\" class=\"wp-image-523\" srcset=\"https:\/\/congelplus.com\/wp-content\/uploads\/2020\/05\/QUF4RVOMKZE73OXXSJSQP4UNQU.jpeg 600w, https:\/\/congelplus.com\/wp-content\/uploads\/2020\/05\/QUF4RVOMKZE73OXXSJSQP4UNQU-300x267.jpeg 300w\" sizes=\"(max-width: 600px) 100vw, 600px\" \/><\/figure>\n\n\n\n<blockquote class=\"wp-block-quote is-layout-flow wp-block-quote-is-layout-flow\"><p><a href=\"https:\/\/www.elfinancierocr.com\/pymes\/historias\/tres-situaciones-lo-han-obligado-a-empujar-su\/SB2EOESVWNBCNKRZGVENFUGIEQ\/story\/\">https:\/\/www.elfinancierocr.com\/pymes\/historias\/tres-situaciones-lo-han-obligado-a-empujar-su\/SB2EOESVWNBCNKRZGVENFUGIEQ\/story\/<\/a><\/p><\/blockquote>\n\n\n\n<p>Jeffrey Arce inici\u00f3 su empresa Congel Plus porque sufr\u00eda un problema en su columna y empez\u00f3 a investigar c\u00f3mo resolverlo.<\/p>\n\n\n\n<p>Se concentr\u00f3 despu\u00e9s en la empresa familiar ICE Pack, pero lo retom\u00f3 cuando una inundaci\u00f3n arras\u00f3 con las instalaciones y \u00e9l casi pierde la vida.<\/p>\n\n\n\n<p>Ahora se vino el COVID-19, que lo ha puesto a dise\u00f1ar nuevas estrategias para levantar la operaci\u00f3n.<\/p>\n\n\n\n<p>Cada situaci\u00f3n lo oblig\u00f3 a reaccionar impulsando el negocio.<\/p>\n\n\n\n<p>Jeffrey es oriundo de Cartago. En el colegio le empezaron a dar dolores de espalda debido a una escoliosis (una curvatura en la columna).<\/p>\n\n\n\n<p>\u201cCiertos movimientos y ejercicios me daban dolores muy fuertes\u201d, cuenta.<\/p>\n\n\n\n<p>De joven, aguantaba las molestias normales. Incluso jugaba en las ligas menores del Club Sport Cartagin\u00e9s y estaba a punto de negociar contratos.<\/p>\n\n\n\n<p>Tambi\u00e9n sufri\u00f3 tres los episodios, que duraban de tres a cuatro semanas, donde ni vestirse pod\u00eda: uno de joven, otro hace diez a\u00f1os y el \u00faltimo hace tres a\u00f1os.<\/p>\n\n\n\n<p>En cada uno de esos episodios lo infiltraban. Es decir, le aplicaban una inyecci\u00f3n en la columna con un relajante muscular. B\u00e1sicamente antiinflamatorios.<\/p>\n\n\n\n<p>Luego segu\u00eda una interminable seguidilla de sesiones de terapia f\u00edsica cada 15 o 22 d\u00edas durante tres o cuatro meses.<\/p>\n\n\n\n<p>Despu\u00e9s a terapia preventiva una vez al mes.<\/p>\n\n\n\n<p>Ten\u00eda que ir al iba al Centro Nacional de Rehabilitaci\u00f3n (Cenare), ubicado detr\u00e1s del Hospital M\u00e9xico, en La Uruca, y a un especialista.<\/p>\n\n\n\n<p>Parte del tratamiento era aplicarse cada hora \u201cfr\u00edo y calor\u201d, con unas compresas peque\u00f1as que se desgastaban r\u00e1pidamente y obligaban a estar comprando dos cada quincena.<\/p>\n\n\n\n<p>Lo que ocurr\u00eda era que el pl\u00e1stico se estiraba al meterse en el microondas. Incluso se quemaba.<\/p>\n\n\n\n<p>El procedimiento de \u201cfr\u00edo y calor\u201d le hac\u00eda muy bien.<\/p>\n\n\n\n<figure class=\"wp-block-image size-large\"><img decoding=\"async\" width=\"1024\" height=\"683\" src=\"https:\/\/congelplus.com\/wp-content\/uploads\/2020\/05\/ESPALDA-1024x683.jpg\" alt=\"\" class=\"wp-image-445\" srcset=\"https:\/\/congelplus.com\/wp-content\/uploads\/2020\/05\/ESPALDA-1024x683.jpg 1024w, https:\/\/congelplus.com\/wp-content\/uploads\/2020\/05\/ESPALDA-300x200.jpg 300w, https:\/\/congelplus.com\/wp-content\/uploads\/2020\/05\/ESPALDA-768x512.jpg 768w, https:\/\/congelplus.com\/wp-content\/uploads\/2020\/05\/ESPALDA-1536x1024.jpg 1536w, https:\/\/congelplus.com\/wp-content\/uploads\/2020\/05\/ESPALDA-2048x1366.jpg 2048w, https:\/\/congelplus.com\/wp-content\/uploads\/2020\/05\/ESPALDA-600x400.jpg 600w, https:\/\/congelplus.com\/wp-content\/uploads\/2020\/05\/ESPALDA.jpg 1920w\" sizes=\"(max-width: 1024px) 100vw, 1024px\" \/><\/figure>\n\n\n\n<p>Estudiando administraci\u00f3n de negocios en el Instituto Tecnol\u00f3gico de Costa Rica empez\u00f3 a investigar.<\/p>\n\n\n\n<p>Tard\u00f3 dos a\u00f1os.<\/p>\n\n\n\n<p>Iba a un ritmo lento porque le ayudaba a la mam\u00e1, Bernarda Villalta, en la empresa que ella hab\u00eda creado, ICE Pack de Costa Rica.<\/p>\n\n\n\n<p>La compa\u00f1\u00eda, con m\u00e1s de 20 a\u00f1os, est\u00e1 ubicada en San Francisco de Dos R\u00edos. Produce empaques con un gel que se congela y sirve para los productos que tienen que manejar cadena de fr\u00edo. Sus clientes son empresas exportadoras, en especial.<\/p>\n\n\n\n<p>ICE Pack hab\u00eda logrado un importante contrato y deb\u00edan enfocarse en este proyecto.<\/p>\n\n\n\n<p>Como no ten\u00edan Internet, aprovechaba cuando iba al TEC para investigar, casi siempre de 9 p.m. a 12 a.m.<\/p>\n\n\n\n<p>En el 2005 particip\u00f3 en un curso de emprendedores que terminaba en una feria ah\u00ed en el TEC. Vendi\u00f3 las 200 muestras de compresas que llev\u00f3 y qued\u00f3 en cuarto lugar.<\/p>\n\n\n\n<p>A las tres semanas particip\u00f3 en otro concurso de universitarios emprendedores, para el cual hab\u00eda que realizar un curso de dos meses, y gan\u00f3 la categor\u00eca de servicios y manufactura.<\/p>\n\n\n\n<p>\u201cMe empezaron a llamar de empresas para pedir productos y apenas cumpl\u00eda los pedidos.<\/p>\n\n\n\n<figure class=\"wp-block-image size-large\"><img decoding=\"async\" width=\"1024\" height=\"683\" src=\"https:\/\/congelplus.com\/wp-content\/uploads\/2020\/05\/estandar-grande-4-1024x683.jpg\" alt=\"\" class=\"wp-image-424\" srcset=\"https:\/\/congelplus.com\/wp-content\/uploads\/2020\/05\/estandar-grande-4-1024x683.jpg 1024w, https:\/\/congelplus.com\/wp-content\/uploads\/2020\/05\/estandar-grande-4-300x200.jpg 300w, https:\/\/congelplus.com\/wp-content\/uploads\/2020\/05\/estandar-grande-4-768x512.jpg 768w, https:\/\/congelplus.com\/wp-content\/uploads\/2020\/05\/estandar-grande-4-1536x1024.jpg 1536w, https:\/\/congelplus.com\/wp-content\/uploads\/2020\/05\/estandar-grande-4-2048x1365.jpg 2048w, https:\/\/congelplus.com\/wp-content\/uploads\/2020\/05\/estandar-grande-4-600x400.jpg 600w, https:\/\/congelplus.com\/wp-content\/uploads\/2020\/05\/estandar-grande-4-scaled.jpg 1920w\" sizes=\"(max-width: 1024px) 100vw, 1024px\" \/><\/figure>\n\n\n\n<p>Para la fabricaci\u00f3n de las compresas, \u00e9l subcontrata una parte y siempre debe hacerse cargo de otra.<\/p>\n\n\n\n<p>&#8220;El negocio de la familia estaba creciendo y llegaron contratos importantes\u201d, explica Jeffrey.<\/p>\n\n\n\n<p>Pero, como a todo lo bueno, casi siempre le sigue un percance.<\/p>\n\n\n\n<p>Hace seis a\u00f1os un fuerte aguacero provoca que uno de los r\u00edos de San Francisco de Dos R\u00edos se rebalse y arrastre con las instalaciones de ICE Pack.<\/p>\n\n\n\n<p>Jeffrey queda atrapado y casi pierde la vida, pero logra saltar a un Frontier donde ya estaban tratando de ponerse a salvo otras seis personas.<\/p>\n\n\n\n<p>La inundaci\u00f3n se llev\u00f3 las bodegas y el 90% de los equipos y productos.<\/p>\n\n\n\n<p>Con su madre Bernarda y su hermana Andrea analizan qu\u00e9 hacer. Jeffrey se mantendr\u00e1 en la empresa, pero sin salario.<\/p>\n\n\n\n<p>Volver a una situaci\u00f3n de normalidad les llev\u00f3 dos a\u00f1os, con ayuda de otras empresas y proveedores amigos que les ofrecieron diferentes tipos de facilidades, desde espacio en bodegas hasta no cobrarles las cuentas por pagar pendientes.<\/p>\n\n\n\n<p>La comprensi\u00f3n de los clientes tambi\u00e9n les dio alivio.<\/p>\n\n\n\n<figure class=\"wp-block-image size-large\"><img loading=\"lazy\" decoding=\"async\" width=\"683\" height=\"1024\" src=\"https:\/\/congelplus.com\/wp-content\/uploads\/2020\/05\/CERVICAL-5-683x1024.jpg\" alt=\"\" class=\"wp-image-442\" srcset=\"https:\/\/congelplus.com\/wp-content\/uploads\/2020\/05\/CERVICAL-5-683x1024.jpg 683w, https:\/\/congelplus.com\/wp-content\/uploads\/2020\/05\/CERVICAL-5-200x300.jpg 200w, https:\/\/congelplus.com\/wp-content\/uploads\/2020\/05\/CERVICAL-5-768x1152.jpg 768w, https:\/\/congelplus.com\/wp-content\/uploads\/2020\/05\/CERVICAL-5-1024x1536.jpg 1024w, https:\/\/congelplus.com\/wp-content\/uploads\/2020\/05\/CERVICAL-5-1365x2048.jpg 1365w, https:\/\/congelplus.com\/wp-content\/uploads\/2020\/05\/CERVICAL-5-600x900.jpg 600w, https:\/\/congelplus.com\/wp-content\/uploads\/2020\/05\/CERVICAL-5-scaled.jpg 1280w\" sizes=\"(max-width: 683px) 100vw, 683px\" \/><\/figure>\n\n\n\n<p>Jeffrey decidi\u00f3 meterse de lleno a las compresas, pues ya estaba casado con Karla Jara y ten\u00eda un hijo. Actualmente el matrimonio tiene tres hijos.<\/p>\n\n\n\n<p>El negocio empez\u00f3 a desarrollarse hace cinco a\u00f1os y sus productos se est\u00e1n comercializando en las farmacias de los supermercados Walmart y las cadenas Fischel y Sucre, Arboleda y AM PM. con gel plus desde hace cinco a\u00f1os.<\/p>\n\n\n\n<p>Otros puntos de venta incluyen varias cl\u00ednicas de terapia f\u00edsica, fisioterapeutas independientes, tiendas que venden equipo m\u00e9dico y algunos gimnasios.<\/p>\n\n\n\n<p>Congel Plus tambi\u00e9n&nbsp;<a href=\"https:\/\/www.facebook.com\/pg\/congelplus\/about\/?ref=page_internal\" target=\"_blank\" rel=\"noreferrer noopener\">vende en redes sociales<\/a>.<\/p>\n\n\n\n<p>El portafolio incluye compresas de fr\u00edo para moretones, inflamaci\u00f3n, dolores de espalda, dolor de nervio ciatico, contracturas, calambres, desgarres, esguinces, tensi\u00f3n muscular o inflamaciones por operaci\u00f3n de rodillas.<\/p>\n\n\n\n<p>Las compresas calientes se aplican para rinitis, sinusitis, dolores menstruales, fibromialgia, para relajaci\u00f3n muscular y bajar estr\u00e9s.<\/p>\n\n\n\n<p>\u201cNo es la pomada canaria, pero realmente funciona\u201d, dice Jeffrey.<\/p>\n\n\n\n<p>Y en eso estaba cuando se vino la pandemia del COVID-19.<\/p>\n\n\n\n<p>Actualmente se vende el 40% de lo que se colocaba antes de la crisis y, aunque en las \u00faltimas semanas aumentaron, hay que generar ingresos para una planilla de cuatro personas en forma directa.<\/p>\n\n\n\n<p>Adem\u00e1s, se subcontrata una parte de la fabricaci\u00f3n, por lo que otras personas tambi\u00e9n sufren el impacto de esa ca\u00edda.<\/p>\n\n\n\n<p>Para empezar a salir de la crisis, Jeffrey est\u00e1 impulsando la comercializaci\u00f3n de los productos.<\/p>\n\n\n\n<p>Aument\u00f3 tambi\u00e9n el producto de reserva (lo suficiente para que el inventario no llegue a afectar la liquidez), pues tampoco puede darse el lujo de que le hagan un buen pedido y no pueda atenderlo.<\/p>\n\n\n\n<p>Adicionalmente est\u00e1 lanzando nuevos productos, como las compresas faciales (para cirug\u00edas de quijada, por ejemplo, en odontolog\u00eda) y cirug\u00eda pl\u00e1stica, as\u00ed como compresas para deportistas de alto rendimiento.<\/p>\n\n\n\n<p>Jeffrey adelant\u00f3 que va a comercializar un chaleco para deportistas.<\/p>\n\n\n\n<p>Este chaleco ya lo us\u00f3 la Selecci\u00f3n Nacional de F\u00fatbol de Costa Rica que particip\u00f3 en Brasil, dise\u00f1ado para refrescar, regenerar el m\u00fasculo y desinflamar los golpes recibidos por los jugadores.<\/p>\n\n\n\n<p>Para \u00e9l tambi\u00e9n hay una oportunidad de mercado en la actualidad, pues quienes est\u00e1n haciendo ejercicios o teletrabajo requieren compresas para los problemas f\u00edsicos que suelen surgir.<\/p>\n\n\n\n<p>Todas estas medidas permitir\u00edan que la operaci\u00f3n de la empresa pase de media jornada a la normalidad.<\/p>\n\n\n\n<p>Jeffrey espera que ocurra en pocas semanas.<\/p>\n","protected":false},"excerpt":{"rendered":"<p>Tres situaciones lo han obligado a empujar su negocio de compresas y en una casi perdi\u00f3 la vida https:\/\/www.elfinancierocr.com\/pymes\/historias\/tres-situaciones-lo-han-obligado-a-empujar-su\/SB2EOESVWNBCNKRZGVENFUGIEQ\/story\/ Jeffrey Arce inici\u00f3 su empresa Congel Plus porque sufr\u00eda un problema en su columna y empez\u00f3 a investigar c\u00f3mo resolverlo. Se concentr\u00f3 despu\u00e9s en la empresa familiar ICE Pack, pero lo retom\u00f3 cuando una inundaci\u00f3n arras\u00f3 [&hellip;]<\/p>\n","protected":false},"author":3,"featured_media":0,"comment_status":"closed","ping_status":"closed","sticky":false,"template":"","format":"standard","meta":{"footnotes":""},"categories":[1],"tags":[],"class_list":["post-522","post","type-post","status-publish","format-standard","hentry","category-sin-categoria"],"jetpack_featured_media_url":"","_links":{"self":[{"href":"https:\/\/congelplus.com\/index.php\/wp-json\/wp\/v2\/posts\/522","targetHints":{"allow":["GET"]}}],"collection":[{"href":"https:\/\/congelplus.com\/index.php\/wp-json\/wp\/v2\/posts"}],"about":[{"href":"https:\/\/congelplus.com\/index.php\/wp-json\/wp\/v2\/types\/post"}],"author":[{"embeddable":true,"href":"https:\/\/congelplus.com\/index.php\/wp-json\/wp\/v2\/users\/3"}],"replies":[{"embeddable":true,"href":"https:\/\/congelplus.com\/index.php\/wp-json\/wp\/v2\/comments?post=522"}],"version-history":[{"count":3,"href":"https:\/\/congelplus.com\/index.php\/wp-json\/wp\/v2\/posts\/522\/revisions"}],"predecessor-version":[{"id":526,"href":"https:\/\/congelplus.com\/index.php\/wp-json\/wp\/v2\/posts\/522\/revisions\/526"}],"wp:attachment":[{"href":"https:\/\/congelplus.com\/index.php\/wp-json\/wp\/v2\/media?parent=522"}],"wp:term":[{"taxonomy":"category","embeddable":true,"href":"https:\/\/congelplus.com\/index.php\/wp-json\/wp\/v2\/categories?post=522"},{"taxonomy":"post_tag","embeddable":true,"href":"https:\/\/congelplus.com\/index.php\/wp-json\/wp\/v2\/tags?post=522"}],"curies":[{"name":"wp","href":"https:\/\/api.w.org\/{rel}","templated":true}]}}